{"id":10375,"date":"2025-04-15T12:31:31","date_gmt":"2025-04-15T12:31:31","guid":{"rendered":"https:\/\/staging.trustimia.com\/?p=10375"},"modified":"2025-04-15T12:31:32","modified_gmt":"2025-04-15T12:31:32","slug":"viron-verotus-2025-2026-muutokset","status":"publish","type":"post","link":"https:\/\/staging.trustimia.com\/fi\/viron-verotus-2025-2026-muutokset\/","title":{"rendered":"Viron verotus 2025-2026  vahvistetut veromuutokset: Mit\u00e4 odottaa ja miten varautua?"},"content":{"rendered":"<div class=\"wpb-content-wrapper\"><p>[vc_row][vc_column][vc_column_text css=&#8221;&#8221;]<\/p>\r\n<h2>Vuonna 2025 Virossa voimaan astuu useita merkitt\u00e4vi\u00e4 muutoksia, jotka vaikuttavat sek\u00e4 yritysten ett\u00e4 yksityishenkil\u00f6iden verotukseen. Viron vero- ja tullihallitus on vahvistanut maaliskuussa Viron verotus 2025-2026\u00a0 verolains\u00e4\u00e4d\u00e4nn\u00f6n muutokset, joihin jokaisen Virossa toimivan yhti\u00f6n tulisi ajoissa varautua.<\/h2>\r\n<h2>T\u00e4ss\u00e4 Trustimian blogi &#8220;Viron verotus 2025-2026&#8221; kirjoituksessa\u00a0 kokoamme yhteen t\u00e4rkeimm\u00e4t vahvistetut veromuutokset ja k\u00e4yt\u00e4nn\u00f6n muistilistat, joiden avulla voit varmistaa, ett\u00e4 toimintasi s\u00e4ilyy lainmukaisena ja tehokkaana my\u00f6s ensi vuonna 2026.<\/h2>\r\n<h2><strong>1. Tuloverotus<\/strong><\/h2>\r\n<h4 data-start=\"82\" data-end=\"242\"><strong data-start=\"82\" data-end=\"136\">Hyvi\u00e4 uutisia Virossa toimiville yrityksille! \ud83c\uddea\ud83c\uddea (Viron verotus 2025-2026)<\/strong><br data-start=\"136\" data-end=\"139\" \/>Yrityksi\u00e4 ei edelleenk\u00e4\u00e4n veroteta \u2013 <strong data-start=\"176\" data-end=\"242\">SDP:n poistuminen hallituksesta muutti veropolitiikan suuntaa!<\/strong><\/h4>\r\n<p class=\"\" data-start=\"244\" data-end=\"485\">Viime vuonna hyv\u00e4ksytty yritysverouudistus on <strong data-start=\"290\" data-end=\"301\">peruttu<\/strong>. Hallitusmuutoksen my\u00f6t\u00e4 aiempi veroasetus kumottiin, ja <strong data-start=\"359\" data-end=\"412\">Viron suosittu yritysveromalli s\u00e4ilyy entisell\u00e4\u00e4n vuonna 2025<\/strong>: virolaiset yritykset <strong data-start=\"435\" data-end=\"484\">eiv\u00e4t maksa tuloveroa jakamattomasta voitosta<\/strong>. T\u00e4m\u00e4 p\u00e4\u00e4t\u00f6s vahvistaa Viron asemaa <strong data-start=\"522\" data-end=\"568\">kilpailukykyisen\u00e4 ja yritt\u00e4j\u00e4yst\u00e4v\u00e4llisen\u00e4<\/strong> liiketoimintaymp\u00e4rist\u00f6n\u00e4 \u2013 juuri kuten se on ollut jo vuosien ajan. (Viron veromuutokset 2025, Viro verotus 2025, Verotus Virossa 2025, Viro yritysverotus 2025, Viro ALV 2025, Viro tulovero 2025, Viro ajoneuvovero 2025, Viron verouudistus 2025)<\/p>\r\n<p>\ud83d\udccc Lue uutinen: <a class=\"\" href=\"https:\/\/www.postimees.ee\/\" target=\"_new\" rel=\"noopener\" data-start=\"802\" data-end=\"868\">Postimees \u2013 Viron yritysverouudistus peruttu<\/a> <em data-start=\"869\" data-end=\"902\">(linkki alkuper\u00e4iseen uutiseen)<br \/><\/em><\/p>\r\n<blockquote>\r\n<p class=\"\" data-start=\"638\" data-end=\"784\">\ud83d\udd0d <em data-start=\"641\" data-end=\"784\">Trustimia seuraa lains\u00e4\u00e4d\u00e4nt\u00f6muutoksia tiiviisti ja pit\u00e4\u00e4 asiakkaansa ajan tasalla kaikista olennaisista verotukseen liittyvist\u00e4 muutoksista.<\/em><\/p>\r\n<\/blockquote>\r\n<h3><strong>Yritysten jakamattomasta voitosta virossa ei perit\u00e4 tuloveroa (0 %)<\/strong><\/h3>\r\n<ul>\r\n<li>Jaetun voiton vero: 22\/78 maksetuista osingoista alkaen 1.1.2025<br \/>Koska Virossa k\u00e4ytet\u00e4\u00e4n kassaperusteista j\u00e4rjestelm\u00e4\u00e4, verotus tapahtuu voiton jakamisen hetkell\u00e4 \u2013 esim. vuoden 2023 voitto, joka jaetaan tammikuussa 2025, verotetaan uudella 22 %:n verokannalla. 1.1.2025 alkaen poistuu s\u00e4\u00e4nn\u00f6llisesti jaettujen osinkojen 14 %:n alempi verokanta.<\/li>\r\n<\/ul>\r\n<h2><strong>Henkil\u00f6kohtainen tuloveroprosentti vuonna 2025 ja 2026 on 22 %<\/strong><\/h2>\r\n<h4 data-start=\"30\" data-end=\"155\"><strong data-start=\"30\" data-end=\"82\">2025 Verovapaan tulon m\u00e4\u00e4r\u00e4 riippuu henkil\u00f6n tuloista<\/strong> (kuukausittain enint\u00e4\u00e4n 654 euroa ja vuosittain enint\u00e4\u00e4n 7 848 euroa).Jotta verovapaa tulo voitaisiin ottaa huomioon verotuksessa, <strong data-start=\"218\" data-end=\"307\">henkil\u00f6n on toimitettava ty\u00f6nantajalle tai maksun suorittajalle kirjallinen ilmoitus.<\/strong><\/h4>\r\n<h3><strong>Verovapaa tulo Virossa 2025:<\/strong><\/h3>\r\n<ul>\r\n<li><strong>Perusm\u00e4\u00e4r\u00e4 654 \u20ac\/kk (7 848 \u20ac\/vuosi)<\/strong><\/li>\r\n<li><strong>Vanhuusel\u00e4kel\u00e4isill\u00e4 776 \u20ac\/kk (9 312 \u20ac\/vuosi)<\/strong><\/li>\r\n<\/ul>\r\n<h3 class=\"\" data-start=\"30\" data-end=\"80\"><strong data-start=\"34\" data-end=\"80\">V\u00e4hennykset Virossa verotettavasta tulosta<\/strong><\/h3>\r\n<p class=\"\" data-start=\"82\" data-end=\"372\"><strong data-start=\"82\" data-end=\"148\">Toisen Euroopan talousalueen (ETA) j\u00e4senvaltion veroresidentit<\/strong>, jotka ovat Virossa rajoitetusti verovelvollisia, voivat <strong data-start=\"206\" data-end=\"254\">v\u00e4hent\u00e4\u00e4 Virossa verotettavan tulonsa m\u00e4\u00e4r\u00e4\u00e4<\/strong> toimittamalla maksajalle joko <strong data-start=\"285\" data-end=\"317\">verovapaan tulon ilmoituksen<\/strong> tai <strong data-start=\"322\" data-end=\"369\">Viron luonnollisen henkil\u00f6n veroilmoituksen<\/strong>. <strong data-start=\"374\" data-end=\"406\">Muiden maiden veroresidentit<\/strong> eiv\u00e4t voi tehd\u00e4 v\u00e4hennyksi\u00e4 Virossa verotettavasta tulostaan.<\/p>\r\n<h3 class=\"\" data-start=\"475\" data-end=\"553\"><strong data-start=\"479\" data-end=\"553\">Ty\u00f6tt\u00f6myysvakuutusmaksun pid\u00e4tys rajoitetusti verovelvollisen tuloista<\/strong><\/h3>\r\n<p class=\"\" data-start=\"555\" data-end=\"737\">Jos <strong data-start=\"559\" data-end=\"604\">rajoitetusti verovelvolliselle henkil\u00f6lle<\/strong> maksetusta tulosta on <strong data-start=\"627\" data-end=\"684\">lain mukaan pid\u00e4tetty Virossa ty\u00f6tt\u00f6myysvakuutusmaksu<\/strong>, sen saa v\u00e4hent\u00e4\u00e4 henkil\u00f6n verotettavasta tulosta. <strong data-start=\"739\" data-end=\"774\">Tuloveron pid\u00e4tyksen yhteydess\u00e4<\/strong> maksaja <strong data-start=\"783\" data-end=\"831\">ei kuitenkaan voi v\u00e4hent\u00e4\u00e4 verovapaata tuloa<\/strong> rajoitetusti verovelvollisen Virossa verotettavasta tulosta.<\/p>\r\n<h3><strong>Verovapaa tulo Virossa alkaen 1. tammikuuta 2026:<\/strong><\/h3>\r\n<ul>\r\n<li><strong>Perusm\u00e4\u00e4r\u00e4 700 \u20ac\/kk (8400 \u20ac\/vuosi)<\/strong><\/li>\r\n<li><strong>Vanhuusel\u00e4kel\u00e4isill\u00e4 776 \u20ac\/kk (9 312 \u20ac\/vuosi)<\/strong><\/li>\r\n<\/ul>\r\n<h2><strong>2. Sosiaalimaksut, el\u00e4kemaksut ja ty\u00f6tt\u00f6myysvakuutusmaksut Virossa 2025<\/strong><\/h2>\r\n<ul>\r\n<li>Sosiaalimaksun m\u00e4\u00e4r\u00e4 on vuonna 2025 33%.\u00a0 Sosiaalimaksun v\u00e4himm\u00e4ism\u00e4\u00e4r\u00e4: 820 \u20ac\/kk \u2192 sosiaalimaksu 270,60 \u20ac\/kk. <strong data-start=\"30\" data-end=\"85\">El\u00e4kemaksun (kogumispension)i maksuprosentti on 2 %, 4 % tai 6 %<\/strong>, riippuen henkil\u00f6n tekem\u00e4st\u00e4 ilmoituksesta el\u00e4kerekisterin yll\u00e4pit\u00e4j\u00e4lle. <strong data-start=\"160\" data-end=\"258\">Jos suurempaa prosenttia koskevaa ilmoitusta ei ole tehty, oletuksena on 2 %:n maksuprosentti. <\/strong>Kokoel\u00e4kes\u00e4\u00e4st\u00f6n maksun pid\u00e4tysvelvollisuus voi muuttua <strong data-start=\"318\" data-end=\"343\">kolme kertaa vuodessa<\/strong>: 1. tammikuuta, 1. toukokuuta ja 1. syyskuuta. T\u00e4m\u00e4 riippumatta syyst\u00e4 \u2013 olipa kyseess\u00e4 toiseen pilarij\u00e4rjestelm\u00e4\u00e4n (II sammas) liittyminen, siit\u00e4 eroaminen, maksujen keskeytt\u00e4minen tai el\u00e4kkeelle siirtyminen toisen pilarin kautta. Henkil\u00f6kohtaista tietoa maksun pid\u00e4tysvelvollisuudesta saa <strong data-start=\"636\" data-end=\"678\">Pensionikeskuksen tarkistuksesta<\/strong>, joka avautuu uudessa v\u00e4lilehdess\u00e4 ja toimii henkil\u00f6tunnuksen perusteella yksitt\u00e4is- tai massahakuna.<br \/>\r\n<p class=\"\" data-start=\"30\" data-end=\"174\"><strong data-start=\"30\" data-end=\"174\">Silti suosittelemme kirjanpit\u00e4ji\u00e4 tarkistamaan ty\u00f6ntekij\u00f6iden kokoel\u00e4kes\u00e4\u00e4st\u00f6n maksun pid\u00e4tysvelvollisuuden 2025, huhtikuussa ja elokuussa.<\/strong><\/p>\r\n<p class=\"\" data-start=\"176\" data-end=\"515\">Tammikuusta 2024 alkaen toiseen pilarij\u00e4rjestelm\u00e4\u00e4n (II sammas) liittyneet henkil\u00f6t voivat halutessaan <strong data-start=\"279\" data-end=\"335\">korottaa 2 %:n kokoel\u00e4kemaksunsa 4 %:iin tai 6 %:iin<\/strong>. Hakemuksen voi j\u00e4tt\u00e4\u00e4 vuosittain <strong data-start=\"370\" data-end=\"401\">viimeist\u00e4\u00e4n 30. marraskuuta<\/strong>, ja maksuprosenttia voi muuttaa kerran vuodessa. <strong data-start=\"451\" data-end=\"515\">Uusi maksuprosentti tulee voimaan aina 1. tammikuuta alkaen.<\/strong><\/p>\r\n<\/li>\r\n<\/ul>\r\n<p><strong>El\u00e4kemaksun osuus: 2 %, 4 % tai 6 % ty\u00f6ntekij\u00e4n valinnan mukaan<\/strong><\/p>\r\n<h3><strong>Ty\u00f6tt\u00f6myysvakuutusmaksu Virossa:<\/strong><\/h3>\r\n<ul>\r\n<li data-start=\"70\" data-end=\"108\"><strong data-start=\"70\" data-end=\"108\">Ty\u00f6ntekij\u00e4 maksaa 1,6 % palkastaan<\/strong><\/li>\r\n<li data-start=\"70\" data-end=\"108\"><strong data-start=\"111\" data-end=\"165\">Ty\u00f6nantaja maksaa 0,8 % ty\u00f6ntekij\u00e4n bruttopalkasta<\/strong><\/li>\r\n<\/ul>\r\n<blockquote>\r\n<p><strong>Vinkki:<\/strong> Tarkista ty\u00f6ntekij\u00e4n valitsema el\u00e4kemaksuprosentti ennen maksua <a href=\"https:\/\/www.pensionikeskus.ee\" target=\"_blank\" rel=\"noopener\">Pensionikeskuksen portaalista<\/a>.<\/p>\r\n<\/blockquote>\r\n<h2><strong>3. Viron Arvonlis\u00e4vero 2025 (ALV)<\/strong><\/h2>\r\n<ul>\r\n<li><strong>Yleinen ALV nousee 22 % \u2192 24 % ajalla 1.7.2025\u201331.12.2028<\/strong><\/li>\r\n<li>Pitk\u00e4aikaisten sopimusten siirtym\u00e4aika p\u00e4\u00e4ttyy 1.7.2025<\/li>\r\n<li>Majoituspalveluiden ALV: 9 % \u2192 13 % (1.1.2025 alkaen)<\/li>\r\n<li>Aikakausjulkaisujen ALV: 5 % \u2192 9 % (poikkeuksin)<\/li>\r\n<li><strong>Pienyrityksille uusi erikoisj\u00e4rjestely EU-kauppaan: ei rekister\u00f6itymispakkoa, jos EU-liikevaihto &lt; 100 000 \u20ac<\/strong><\/li>\r\n<li>Rahoitus- ja vakuutuspalvelut lasketaan liikevaihtoon (ei satunnaiset)<\/li>\r\n<li><strong>Ensimm\u00e4inen kiinteist\u00f6n myynti k\u00e4ytt\u00f6\u00f6nottovuoden sis\u00e4ll\u00e4 \u2192 ALV-velvollisuus<\/strong><\/li>\r\n<li>Mielenterveyspalvelut vapautetaan ALV:st\u00e4<\/li>\r\n<\/ul>\r\n<h2><strong>4. Viron ajoneuvovero 2025<\/strong><\/h2>\r\n<ul>\r\n<li>K\u00e4ytt\u00f6\u00f6notto 1.1.2025<\/li>\r\n<li>Kohteena: henkil\u00f6autot, pakettiautot, moottoripy\u00f6r\u00e4t, mopot, maastoajoneuvot, traktorit<\/li>\r\n<li><strong>Vuosivero maksetaan kahdessa er\u00e4ss\u00e4: 15.6. ja 15.12.<\/strong><\/li>\r\n<li>Veron m\u00e4\u00e4r\u00e4ytyminen: perusmaksu, CO\u2082-p\u00e4\u00e4st\u00f6t, massa, ik\u00e4<\/li>\r\n<li><strong>Rekister\u00f6intimaksu k\u00e4ytt\u00f6\u00f6n 1.1.2025 \u2013 ei koske leasing- tai perint\u00f6ajoneuvoja<\/strong><\/li>\r\n<\/ul>\r\n<h3 class=\"\" data-start=\"95\" data-end=\"151\">\ud83d\ude97 Esimerkkej\u00e4 ajoneuvoverosta Virossa (2025 alkaen)<\/h3>\r\n<div class=\"overflow-x-auto contain-inline-size\">\r\n<table data-start=\"153\" data-end=\"904\">\r\n<thead data-start=\"153\" data-end=\"300\">\r\n<tr data-start=\"153\" data-end=\"300\">\r\n<th data-start=\"153\" data-end=\"174\"><strong data-start=\"155\" data-end=\"167\">Ajoneuvo<\/strong><\/th>\r\n<th data-start=\"174\" data-end=\"206\"><strong data-start=\"176\" data-end=\"205\">Rekister\u00f6intimaksu<br \/>(vuonna 2025)<\/strong><\/th>\r\n<th data-start=\"206\" data-end=\"223\"><strong data-start=\"208\" data-end=\"222\">&gt; 5 vuotta<\/strong><\/th>\r\n<th data-start=\"223\" data-end=\"241\"><strong data-start=\"225\" data-end=\"240\">&gt; 10 vuotta<\/strong><\/th>\r\n<th data-start=\"241\" data-end=\"264\"><strong data-start=\"243\" data-end=\"263\">Vuosivero (uusi)<\/strong><\/th>\r\n<th data-start=\"264\" data-end=\"281\"><strong data-start=\"266\" data-end=\"280\">&gt; 5 vuotta<\/strong><\/th>\r\n<th data-start=\"281\" data-end=\"300\"><strong data-start=\"283\" data-end=\"298\">&gt; 10 vuotta<\/strong><\/th>\r\n<\/tr>\r\n<\/thead>\r\n<tbody data-start=\"452\" data-end=\"904\">\r\n<tr data-start=\"452\" data-end=\"602\">\r\n<td><strong data-start=\"454\" data-end=\"472\">Toyota Corolla<\/strong><\/td>\r\n<td>650 \u20ac<\/td>\r\n<td>500 \u20ac<\/td>\r\n<td>260 \u20ac<\/td>\r\n<td>50 \u20ac<\/td>\r\n<td>50 \u20ac<\/td>\r\n<td>50 \u20ac<\/td>\r\n<\/tr>\r\n<tr data-start=\"603\" data-end=\"753\">\r\n<td><strong data-start=\"605\" data-end=\"620\">Toyota RAV4<\/strong><\/td>\r\n<td>1 765 \u20ac<\/td>\r\n<td>1 280 \u20ac<\/td>\r\n<td>505 \u20ac<\/td>\r\n<td>264 \u20ac<\/td>\r\n<td>200 \u20ac<\/td>\r\n<td>97 \u20ac<\/td>\r\n<\/tr>\r\n<tr data-start=\"754\" data-end=\"904\">\r\n<td><strong data-start=\"756\" data-end=\"767\">Audi Q7<\/strong><\/td>\r\n<td>7 065 \u20ac<\/td>\r\n<td>4 990 \u20ac<\/td>\r\n<td>1 671 \u20ac<\/td>\r\n<td>924 \u20ac<\/td>\r\n<td>662 \u20ac<\/td>\r\n<td>242 \u20ac<\/td>\r\n<\/tr>\r\n<\/tbody>\r\n<\/table>\r\n<\/div>\r\n<h2><strong>5. Viron verovapaat enimm\u00e4ism\u00e4\u00e4r\u00e4t 2025<\/strong><\/h2>\r\n<h4><strong>Ulkomaanp\u00e4iv\u00e4rahat:<\/strong><\/h4>\r\n<ul>\r\n<li><strong>75 \u20ac\/pv (ensimm\u00e4iset 15 pv)<\/strong><\/li>\r\n<li><strong>40 \u20ac\/pv (p\u00e4ivist\u00e4 16 alkaen)<\/strong><\/li>\r\n<\/ul>\r\n<h4><strong>Henkil\u00f6auton k\u00e4yt\u00f6n korvaus: 0,5 \u20ac\/km, enint\u00e4\u00e4n 550 \u20ac\/kk \/ ty\u00f6nantaja<br \/><\/strong><\/h4>\r\n<h4><strong>Ty\u00f6matkamajoitus:<\/strong><\/h4>\r\n<ul>\r\n<li><strong>Tallinna\/Tartto: enint\u00e4\u00e4n 500 \u20ac\/kk<\/strong><\/li>\r\n<li><strong>Muut alueet: enint\u00e4\u00e4n 250 \u20ac\/kk (jos &gt; 50 km vakituisesta asunnosta)<\/strong><\/li>\r\n<\/ul>\r\n<h5 data-start=\"30\" data-end=\"230\"><strong data-start=\"30\" data-end=\"69\">Tuloverolain (\u00a7 48 kohta 56) mukaan<\/strong> ty\u00f6nantajan liiketoimintaan liittyvi\u00e4 kuluja ty\u00f6ntekij\u00e4n majoittamisesta <strong data-start=\"143\" data-end=\"172\">ei katsota luontoiseduksi<\/strong>, kun seuraavat <strong data-start=\"188\" data-end=\"229\">kaksi ehtoa t\u00e4yttyv\u00e4t samanaikaisesti<\/strong>:<\/h5>\r\n<h5 data-start=\"235\" data-end=\"491\"><strong data-start=\"235\" data-end=\"326\">Ensinn\u00e4kin ty\u00f6ntekij\u00e4n vakituinen asuinpaikka sijaitsee v\u00e4hint\u00e4\u00e4n 50 kilometrin p\u00e4\u00e4ss\u00e4 ty\u00f6paikasta<\/strong>, eik\u00e4 ty\u00f6ntekij\u00e4n omistuksessa ole l\u00e4hemp\u00e4n\u00e4 ty\u00f6paikkaa sijaitsevaa asuink\u00e4yt\u00f6ss\u00e4 olevaa kiinteist\u00f6\u00e4. N\u00e4iden ehtojen tulee t\u00e4ytty\u00e4 <strong data-start=\"463\" data-end=\"490\">koko majoittamisen ajan<\/strong>.<\/h5>\r\n<h4 data-start=\"496\" data-end=\"545\"><strong data-start=\"496\" data-end=\"544\">Majoituskulut ty\u00f6ntekij\u00e4\u00e4 kohden eiv\u00e4t ylit\u00e4<\/strong>:<\/h4>\r\n<ul>\r\n<li><strong data-start=\"551\" data-end=\"576\">500 euroa kuukaudessa<\/strong>, jos majoitus tapahtuu <strong data-start=\"600\" data-end=\"628\">Tallinnassa tai Tartossa<\/strong>, tai. <strong data-start=\"641\" data-end=\"688\">250 euroa kuukaudessa muilla paikkakunnilla<\/strong>.<\/li>\r\n<\/ul>\r\n<h2>Muut:<\/h2>\r\n<ul>\r\n<li><strong>Mainostuotteet<\/strong> (arvo &lt; 21 \u20ac + ALV): verovapaita<\/li>\r\n<li><strong>Edustuskulut:<\/strong> 50 \u20ac\/kk + 2 % sosiaaliveron alaisista kuluista<\/li>\r\n<\/ul>\r\n<h2><strong>6. Ty\u00f6terveys ja hyvinvointi Virossa 2025-2026<\/strong><\/h2>\r\n<h4>Vuodesta 2025 alkaen verovapaita voivat olla my\u00f6s sellaiset hyvinvointikulut, jotka eiv\u00e4t ole pakollisia, mutta ovat perusteltuja ty\u00f6n luonteen vuoksi.<\/h4>\r\n<ul>\r\n<li><strong>Hyvinvointikulujen yl\u00e4raja: 400 \u20ac\/vuosi\/ty\u00f6ntekij\u00e4 (sis. ALV)<\/strong><\/li>\r\n<li><strong>Esimerkiksi: hieronta, hammashoito<\/strong><\/li>\r\n<li><strong>Silm\u00e4lasit: ty\u00f6nantaja voi korvata jopa 50 %, vaikka lasit eiv\u00e4t olisi ty\u00f6nantajan omaisuutta<\/strong><\/li>\r\n<\/ul>\r\n<h2><strong>7. T\u00e4rkeit\u00e4 p\u00e4iv\u00e4m\u00e4\u00e4ri\u00e4 Virossa 2025 vuodelle<br \/><\/strong><\/h2>\r\n<table>\r\n<thead>\r\n<tr>\r\n<th>P\u00e4iv\u00e4m\u00e4\u00e4r\u00e4<\/th>\r\n<th>Tapahtuma<\/th>\r\n<\/tr>\r\n<\/thead>\r\n<tbody>\r\n<tr>\r\n<td>03.02.2025<\/td>\r\n<td>INF3 ja INF14 (osat I\u2013III) \u2013 mm. koulutus- ja terveyskulut<\/td>\r\n<\/tr>\r\n<tr>\r\n<td>10.06.2025<\/td>\r\n<td>Ensimm\u00e4inen ennakkotuloveroilmoitus luottolaitoksille<\/td>\r\n<\/tr>\r\n<tr>\r\n<td>20. p\u00e4iv\u00e4 kvartaalia seuraavasta kuukaudesta<\/td>\r\n<td>INF14 osa IV \u2013 annetut\/palautetut lainat<\/td>\r\n<\/tr>\r\n<tr>\r\n<td>Joka kuukausi 10. pv<\/td>\r\n<td>TSD-ilmoitus kuukauden 10. p\u00e4iv\u00e4 verotettavan kulun syntymisest\u00e4<\/td>\r\n<\/tr>\r\n<\/tbody>\r\n<\/table>\r\n<h2><strong>Yhteenveto Viron verouudistus 2025-2026<br \/><\/strong><\/h2>\r\n<p>Kaiken kaikkiaan vuoden 2025 ja 2026 veromuutokset Virossa muodostavat laajan kokonaisuuden, joka vaikuttaa sek\u00e4 yritysten ett\u00e4 yksityishenkil\u00f6iden taloudelliseen suunnitteluun. Ensinn\u00e4kin yritysverotuksen selke\u00e4 linjaus \u2013 eli jakamattoman voiton verottomuus \u2013 tuo jatkossakin ennakoitavuutta ja kilpailuetua Virossa toimiville yhti\u00f6ille.<\/p>\r\n<p><strong>Lis\u00e4ksi ALV-kannan nousu, ajoneuvoveron k\u00e4ytt\u00f6\u00f6notto sek\u00e4 muuttuvat verovapaat enimm\u00e4ism\u00e4\u00e4r\u00e4t edellytt\u00e4v\u00e4t yrityksilt\u00e4 tarkempaa kustannusseurantaa ja sopimusehtojen p\u00e4ivityst\u00e4.<\/strong> Toisaalta esimerkiksi ty\u00f6hyvinvointikulujen verovapauden laajennus tarjoaa ty\u00f6nantajille uusia mahdollisuuksia tukea henkil\u00f6st\u00f6n jaksamista verotehokkaasti.<\/p>\r\n<p>Sen lis\u00e4ksi, ett\u00e4 s\u00e4\u00e4d\u00f6ksiin liittyy monia teknisi\u00e4 yksityiskohtia, muutokset ajoittuvat osin eri p\u00e4iv\u00e4m\u00e4\u00e4rille vuoden aikana \u2013 siksi on t\u00e4rke\u00e4\u00e4 pysy\u00e4 ajan tasalla kuukausittaisista ja kvartaaleittaisista m\u00e4\u00e4r\u00e4ajoista.<\/p>\r\n<p><strong>N\u00e4in ollen suosittelemme, ett\u00e4 yritykset laativat jo kev\u00e4\u00e4n aikana oman vero- ja palkkahallinnon toimintasuunnitelmansa, jotta siirtym\u00e4 uuteen verokauteen sujuu hallitusti. Trustimia auttaa mielell\u00e4\u00e4n kaikissa k\u00e4yt\u00e4nn\u00f6n j\u00e4rjestelyiss\u00e4 ja verotuksellisessa suunnittelussa.<\/strong><\/p>\r\n<p>Lopuksi, mik\u00e4li tarvitset yksityiskohtaista arviota siit\u00e4, miten muutokset vaikuttavat juuri sinun yritykseesi, ota yhteytt\u00e4 asiantuntijoihimme \u2013 <strong>autamme sinua mielell\u00e4mme askel askeleelta.<\/strong><\/p>\r\n<h3><strong>Trustimia auttaa mielell\u00e4\u00e4n yrityst\u00e4nne varautumaan muutoksiin ja t\u00e4ytt\u00e4m\u00e4\u00e4n uudet vaatimukset tehokkaasti ja ajallaan.<\/strong> Ota yhteytt\u00e4, jos haluat asiantuntevaa tukea Viron veroasioissa tai tarvitset apua k\u00e4yt\u00e4nn\u00f6n j\u00e4rjestelyiss\u00e4.<\/h3>\r\n<p>(Viron veromuutokset 2025, Viro verotus 2025, Verotus Virossa 2025, Viro yritysverotus 2025, Viro ALV 2025, Viro tulovero 2025, Viro ajoneuvovero 2025, Viron verouudistus 2025)<\/p>\r\n<hr \/>\r\n<p><strong>\ud83d\udcde Ota yhteytt\u00e4:<\/strong><br \/><a href=\"mailto:info@trustimia.com\">info@trustimia.com<\/a> | <a href=\"https:\/\/test2.trustimia.com\/blog\" target=\"_blank\" rel=\"noopener\">www.trustimia.com<\/a><\/p>\r\n<p>[\/vc_column_text][\/vc_column][\/vc_row][vc_row top_section_title=&#8221;&#8221; bottom_section_title=&#8221;&#8221;][vc_column][vc_row_inner css=&#8221;.vc_custom_1636753507511{padding-top: 0px !important;padding-bottom: 0px !important;}&#8221; el_class=&#8221;half-center&#8221;][vc_column_inner]<header class=\"kd-section-title col-lg-12 text-left  kd-animated fadeIn  \" data-animation-delay=200><h2 class=\"separator_off\" >Ota meihin yhteytt\u00e4!<\/h2><h5 class=\"subtitle \" >Vastaamme kaikkiin tiedusteluihin 24 tunnin sis\u00e4ll\u00e4 arkip\u00e4ivisin.<\/h5><\/header>[vc_column_text css_animation=&#8221;fadeIn&#8221; el_class=&#8221;form-block&#8221;]\n\t\t\t\t\t\t<script>\n\t\t\t\t\t\t\twindow.hsFormsOnReady = window.hsFormsOnReady || [];\n\t\t\t\t\t\t\twindow.hsFormsOnReady.push(()=>{\n\t\t\t\t\t\t\t\thbspt.forms.create({\n\t\t\t\t\t\t\t\t\tportalId: 26259275,\n\t\t\t\t\t\t\t\t\tformId: \"9ed7fa9c-e158-4f97-b334-3356b9a73a14\",\n\t\t\t\t\t\t\t\t\ttarget: \"#hbspt-form-1777242136000-0976618063\",\n\t\t\t\t\t\t\t\t\tregion: \"eu1\",\n\t\t\t\t\t\t\t\t\t\n\t\t\t\t\t\t\t})});\n\t\t\t\t\t\t<\/script>\n\t\t\t\t\t\t<div class=\"hbspt-form\" id=\"hbspt-form-1777242136000-0976618063\"><\/div>[\/vc_column_text][vc_empty_space height=&#8221;15px&#8221;][\/vc_column_inner][\/vc_row_inner][\/vc_column][\/vc_row]<\/p><\/div>","protected":false},"excerpt":{"rendered":"<p>[vc_row][vc_column][vc_column_text css=&#8221;&#8221;] Vuonna 2025 Virossa voimaan astuu useita merkitt\u00e4vi\u00e4 muutoksia, jotka vaikuttavat sek\u00e4 yritysten ett\u00e4 yksityishenkil\u00f6iden verotukseen. Viron vero- ja [&hellip;]<\/p>\n","protected":false},"author":5,"featured_media":10377,"comment_status":"closed","ping_status":"closed","sticky":false,"template":"","format":"standard","meta":{"content-type":"","inline_featured_image":false,"footnotes":""},"categories":[25,57,66,53],"tags":[],"class_list":["post-10375","post","type-post","status-publish","format-standard","has-post-thumbnail","hentry","category-artikkelit-fi","category-oppaat-trustimia","category-uutiset","category-yritys-viroon"],"yoast_head":"<!-- This site is optimized with the Yoast SEO Premium plugin v25.0 (Yoast SEO v25.0) - https:\/\/yoast.com\/wordpress\/plugins\/seo\/ -->\n<title>Viron Verotus 2025-2026: Mit\u00e4 odottaa ja miten valmistautua | Trustimia<\/title>\n<meta name=\"description\" content=\"Viron verotusta koskevat muutokset 2025-2026 sis\u00e4lt\u00e4v\u00e4t muutoksia autoveroon ja arvonls\u00e4 verokannan nostamiseen 22%. Viron verotus 2025-2026\" \/>\n<meta name=\"robots\" content=\"index, follow, max-snippet:-1, max-image-preview:large, max-video-preview:-1\" \/>\n<link rel=\"canonical\" href=\"https:\/\/staging.trustimia.com\/viron-verotus-2025-2026-muutokset\/\" \/>\n<meta property=\"og:locale\" content=\"fi_FI\" \/>\n<meta property=\"og:type\" content=\"article\" \/>\n<meta property=\"og:title\" content=\"Viron verotus 2025-2026 vahvistetut veromuutokset: Mit\u00e4 odottaa ja miten varautua?\" \/>\n<meta property=\"og:description\" content=\"Viron verotusta koskevat muutokset 2025-2026 sis\u00e4lt\u00e4v\u00e4t muutoksia autoveroon ja arvonls\u00e4 verokannan nostamiseen 22%. Viron verotus 2025-2026\" \/>\n<meta property=\"og:url\" content=\"https:\/\/staging.trustimia.com\/viron-verotus-2025-2026-muutokset\/\" \/>\n<meta property=\"og:site_name\" content=\"Trustimia\" \/>\n<meta property=\"article:publisher\" content=\"https:\/\/www.facebook.com\/trustimia\" \/>\n<meta property=\"article:published_time\" content=\"2025-04-15T12:31:31+00:00\" \/>\n<meta property=\"article:modified_time\" content=\"2025-04-15T12:31:32+00:00\" \/>\n<meta property=\"og:image\" content=\"https:\/\/staging.trustimia.com\/wp-content\/uploads\/2021\/11\/Trustimia-1.jpg\" \/>\n\t<meta property=\"og:image:width\" content=\"1800\" \/>\n\t<meta property=\"og:image:height\" content=\"1065\" \/>\n\t<meta property=\"og:image:type\" content=\"image\/jpeg\" \/>\n<meta name=\"author\" content=\"Trustimia\" \/>\n<meta name=\"twitter:card\" content=\"summary_large_image\" \/>\n<meta name=\"twitter:label1\" content=\"Kirjoittanut\" \/>\n\t<meta name=\"twitter:data1\" content=\"Trustimia\" \/>\n\t<meta name=\"twitter:label2\" content=\"Arvioitu lukuaika\" \/>\n\t<meta name=\"twitter:data2\" content=\"6 minuuttia\" \/>\n<script type=\"application\/ld+json\" class=\"yoast-schema-graph\">{\"@context\":\"https:\/\/schema.org\",\"@graph\":[{\"@type\":\"Article\",\"@id\":\"https:\/\/staging.trustimia.com\/viron-verotus-2025-2026-muutokset\/#article\",\"isPartOf\":{\"@id\":\"https:\/\/staging.trustimia.com\/viron-verotus-2025-2026-muutokset\/\"},\"author\":{\"name\":\"Trustimia\",\"@id\":\"https:\/\/staging.trustimia.com\/#\/schema\/person\/7ad25a457bfd6e7540aac8e8a22e1537\"},\"headline\":\"Viron verotus 2025-2026 vahvistetut veromuutokset: Mit\u00e4 odottaa ja miten varautua?\",\"datePublished\":\"2025-04-15T12:31:31+00:00\",\"dateModified\":\"2025-04-15T12:31:32+00:00\",\"mainEntityOfPage\":{\"@id\":\"https:\/\/staging.trustimia.com\/viron-verotus-2025-2026-muutokset\/\"},\"wordCount\":1357,\"publisher\":{\"@id\":\"https:\/\/staging.trustimia.com\/#organization\"},\"image\":{\"@id\":\"https:\/\/staging.trustimia.com\/viron-verotus-2025-2026-muutokset\/#primaryimage\"},\"thumbnailUrl\":\"https:\/\/staging.trustimia.com\/wp-content\/uploads\/2025\/04\/Trustimia-Viron-verotus-2025-vahvistetut-muutokset-\u2013-Mita-odottaa-ja-kuinka-valmistautua-png.avif\",\"articleSection\":[\"artikkelit @fi\",\"Oppaat\",\"Uutiset\",\"Yritys Viroon\"],\"inLanguage\":\"fi\"},{\"@type\":\"WebPage\",\"@id\":\"https:\/\/staging.trustimia.com\/viron-verotus-2025-2026-muutokset\/\",\"url\":\"https:\/\/staging.trustimia.com\/viron-verotus-2025-2026-muutokset\/\",\"name\":\"Viron Verotus 2025-2026: Mit\u00e4 odottaa ja miten valmistautua | Trustimia\",\"isPartOf\":{\"@id\":\"https:\/\/staging.trustimia.com\/#website\"},\"primaryImageOfPage\":{\"@id\":\"https:\/\/staging.trustimia.com\/viron-verotus-2025-2026-muutokset\/#primaryimage\"},\"image\":{\"@id\":\"https:\/\/staging.trustimia.com\/viron-verotus-2025-2026-muutokset\/#primaryimage\"},\"thumbnailUrl\":\"https:\/\/staging.trustimia.com\/wp-content\/uploads\/2025\/04\/Trustimia-Viron-verotus-2025-vahvistetut-muutokset-\u2013-Mita-odottaa-ja-kuinka-valmistautua-png.avif\",\"datePublished\":\"2025-04-15T12:31:31+00:00\",\"dateModified\":\"2025-04-15T12:31:32+00:00\",\"description\":\"Viron verotusta koskevat muutokset 2025-2026 sis\u00e4lt\u00e4v\u00e4t muutoksia autoveroon ja arvonls\u00e4 verokannan nostamiseen 22%. Viron verotus 2025-2026\",\"breadcrumb\":{\"@id\":\"https:\/\/staging.trustimia.com\/viron-verotus-2025-2026-muutokset\/#breadcrumb\"},\"inLanguage\":\"fi\",\"potentialAction\":[{\"@type\":\"ReadAction\",\"target\":[\"https:\/\/staging.trustimia.com\/viron-verotus-2025-2026-muutokset\/\"]}]},{\"@type\":\"ImageObject\",\"inLanguage\":\"fi\",\"@id\":\"https:\/\/staging.trustimia.com\/viron-verotus-2025-2026-muutokset\/#primaryimage\",\"url\":\"https:\/\/staging.trustimia.com\/wp-content\/uploads\/2025\/04\/Trustimia-Viron-verotus-2025-vahvistetut-muutokset-\u2013-Mita-odottaa-ja-kuinka-valmistautua-png.avif\",\"contentUrl\":\"https:\/\/staging.trustimia.com\/wp-content\/uploads\/2025\/04\/Trustimia-Viron-verotus-2025-vahvistetut-muutokset-\u2013-Mita-odottaa-ja-kuinka-valmistautua-png.avif\",\"width\":1536,\"height\":1024,\"caption\":\"Viron Verotus 2025: Mit\u00e4 odottaa ja miten varautua\"},{\"@type\":\"BreadcrumbList\",\"@id\":\"https:\/\/staging.trustimia.com\/viron-verotus-2025-2026-muutokset\/#breadcrumb\",\"itemListElement\":[{\"@type\":\"ListItem\",\"position\":1,\"name\":\"Home\",\"item\":\"https:\/\/staging.trustimia.com\/\"},{\"@type\":\"ListItem\",\"position\":2,\"name\":\"Viron verotus 2025-2026 vahvistetut veromuutokset: Mit\u00e4 odottaa ja miten varautua?\"}]},{\"@type\":\"WebSite\",\"@id\":\"https:\/\/staging.trustimia.com\/#website\",\"url\":\"https:\/\/staging.trustimia.com\/\",\"name\":\"Trustimia\",\"description\":\"Yritys viroon - Yrityken perustaminen Viroon\",\"publisher\":{\"@id\":\"https:\/\/staging.trustimia.com\/#organization\"},\"potentialAction\":[{\"@type\":\"SearchAction\",\"target\":{\"@type\":\"EntryPoint\",\"urlTemplate\":\"https:\/\/staging.trustimia.com\/?s={search_term_string}\"},\"query-input\":{\"@type\":\"PropertyValueSpecification\",\"valueRequired\":true,\"valueName\":\"search_term_string\"}}],\"inLanguage\":\"fi\"},{\"@type\":\"Organization\",\"@id\":\"https:\/\/staging.trustimia.com\/#organization\",\"name\":\"Trustimia Group\",\"url\":\"https:\/\/staging.trustimia.com\/\",\"logo\":{\"@type\":\"ImageObject\",\"inLanguage\":\"fi\",\"@id\":\"https:\/\/staging.trustimia.com\/#\/schema\/logo\/image\/\",\"url\":\"https:\/\/staging.trustimia.com\/wp-content\/uploads\/2021\/11\/Trustimia-logo.svg\",\"contentUrl\":\"https:\/\/staging.trustimia.com\/wp-content\/uploads\/2021\/11\/Trustimia-logo.svg\",\"width\":400,\"height\":91,\"caption\":\"Trustimia Group\"},\"image\":{\"@id\":\"https:\/\/staging.trustimia.com\/#\/schema\/logo\/image\/\"},\"sameAs\":[\"https:\/\/www.facebook.com\/trustimia\",\"https:\/\/www.linkedin.com\/company\/trustimia\/\"]},{\"@type\":\"Person\",\"@id\":\"https:\/\/staging.trustimia.com\/#\/schema\/person\/7ad25a457bfd6e7540aac8e8a22e1537\",\"name\":\"Trustimia\",\"image\":{\"@type\":\"ImageObject\",\"inLanguage\":\"fi\",\"@id\":\"https:\/\/staging.trustimia.com\/#\/schema\/person\/image\/\",\"url\":\"https:\/\/secure.gravatar.com\/avatar\/3bafabe7e7d838e769133197403661bd889ad33aac2b8b99e6281d5071c4dd9e?s=96&d=mm&r=g\",\"contentUrl\":\"https:\/\/secure.gravatar.com\/avatar\/3bafabe7e7d838e769133197403661bd889ad33aac2b8b99e6281d5071c4dd9e?s=96&d=mm&r=g\",\"caption\":\"Trustimia\"},\"sameAs\":[\"https:\/\/staging.trustimia.com\/\"],\"url\":\"https:\/\/staging.trustimia.com\/fi\/author\/kristian\/\"}]}<\/script>\n<!-- \/ Yoast SEO Premium plugin. -->","yoast_head_json":{"title":"Viron Verotus 2025-2026: Mit\u00e4 odottaa ja miten valmistautua | Trustimia","description":"Viron verotusta koskevat muutokset 2025-2026 sis\u00e4lt\u00e4v\u00e4t muutoksia autoveroon ja arvonls\u00e4 verokannan nostamiseen 22%. Viron verotus 2025-2026","robots":{"index":"index","follow":"follow","max-snippet":"max-snippet:-1","max-image-preview":"max-image-preview:large","max-video-preview":"max-video-preview:-1"},"canonical":"https:\/\/staging.trustimia.com\/viron-verotus-2025-2026-muutokset\/","og_locale":"fi_FI","og_type":"article","og_title":"Viron verotus 2025-2026 vahvistetut veromuutokset: Mit\u00e4 odottaa ja miten varautua?","og_description":"Viron verotusta koskevat muutokset 2025-2026 sis\u00e4lt\u00e4v\u00e4t muutoksia autoveroon ja arvonls\u00e4 verokannan nostamiseen 22%. Viron verotus 2025-2026","og_url":"https:\/\/staging.trustimia.com\/viron-verotus-2025-2026-muutokset\/","og_site_name":"Trustimia","article_publisher":"https:\/\/www.facebook.com\/trustimia","article_published_time":"2025-04-15T12:31:31+00:00","article_modified_time":"2025-04-15T12:31:32+00:00","og_image":[{"width":1800,"height":1065,"url":"https:\/\/staging.trustimia.com\/wp-content\/uploads\/2021\/11\/Trustimia-1.jpg","type":"image\/jpeg"}],"author":"Trustimia","twitter_card":"summary_large_image","twitter_misc":{"Kirjoittanut":"Trustimia","Arvioitu lukuaika":"6 minuuttia"},"schema":{"@context":"https:\/\/schema.org","@graph":[{"@type":"Article","@id":"https:\/\/staging.trustimia.com\/viron-verotus-2025-2026-muutokset\/#article","isPartOf":{"@id":"https:\/\/staging.trustimia.com\/viron-verotus-2025-2026-muutokset\/"},"author":{"name":"Trustimia","@id":"https:\/\/staging.trustimia.com\/#\/schema\/person\/7ad25a457bfd6e7540aac8e8a22e1537"},"headline":"Viron verotus 2025-2026 vahvistetut veromuutokset: Mit\u00e4 odottaa ja miten varautua?","datePublished":"2025-04-15T12:31:31+00:00","dateModified":"2025-04-15T12:31:32+00:00","mainEntityOfPage":{"@id":"https:\/\/staging.trustimia.com\/viron-verotus-2025-2026-muutokset\/"},"wordCount":1357,"publisher":{"@id":"https:\/\/staging.trustimia.com\/#organization"},"image":{"@id":"https:\/\/staging.trustimia.com\/viron-verotus-2025-2026-muutokset\/#primaryimage"},"thumbnailUrl":"https:\/\/staging.trustimia.com\/wp-content\/uploads\/2025\/04\/Trustimia-Viron-verotus-2025-vahvistetut-muutokset-\u2013-Mita-odottaa-ja-kuinka-valmistautua-png.avif","articleSection":["artikkelit @fi","Oppaat","Uutiset","Yritys Viroon"],"inLanguage":"fi"},{"@type":"WebPage","@id":"https:\/\/staging.trustimia.com\/viron-verotus-2025-2026-muutokset\/","url":"https:\/\/staging.trustimia.com\/viron-verotus-2025-2026-muutokset\/","name":"Viron Verotus 2025-2026: Mit\u00e4 odottaa ja miten valmistautua | Trustimia","isPartOf":{"@id":"https:\/\/staging.trustimia.com\/#website"},"primaryImageOfPage":{"@id":"https:\/\/staging.trustimia.com\/viron-verotus-2025-2026-muutokset\/#primaryimage"},"image":{"@id":"https:\/\/staging.trustimia.com\/viron-verotus-2025-2026-muutokset\/#primaryimage"},"thumbnailUrl":"https:\/\/staging.trustimia.com\/wp-content\/uploads\/2025\/04\/Trustimia-Viron-verotus-2025-vahvistetut-muutokset-\u2013-Mita-odottaa-ja-kuinka-valmistautua-png.avif","datePublished":"2025-04-15T12:31:31+00:00","dateModified":"2025-04-15T12:31:32+00:00","description":"Viron verotusta koskevat muutokset 2025-2026 sis\u00e4lt\u00e4v\u00e4t muutoksia autoveroon ja arvonls\u00e4 verokannan nostamiseen 22%. Viron verotus 2025-2026","breadcrumb":{"@id":"https:\/\/staging.trustimia.com\/viron-verotus-2025-2026-muutokset\/#breadcrumb"},"inLanguage":"fi","potentialAction":[{"@type":"ReadAction","target":["https:\/\/staging.trustimia.com\/viron-verotus-2025-2026-muutokset\/"]}]},{"@type":"ImageObject","inLanguage":"fi","@id":"https:\/\/staging.trustimia.com\/viron-verotus-2025-2026-muutokset\/#primaryimage","url":"https:\/\/staging.trustimia.com\/wp-content\/uploads\/2025\/04\/Trustimia-Viron-verotus-2025-vahvistetut-muutokset-\u2013-Mita-odottaa-ja-kuinka-valmistautua-png.avif","contentUrl":"https:\/\/staging.trustimia.com\/wp-content\/uploads\/2025\/04\/Trustimia-Viron-verotus-2025-vahvistetut-muutokset-\u2013-Mita-odottaa-ja-kuinka-valmistautua-png.avif","width":1536,"height":1024,"caption":"Viron Verotus 2025: Mit\u00e4 odottaa ja miten varautua"},{"@type":"BreadcrumbList","@id":"https:\/\/staging.trustimia.com\/viron-verotus-2025-2026-muutokset\/#breadcrumb","itemListElement":[{"@type":"ListItem","position":1,"name":"Home","item":"https:\/\/staging.trustimia.com\/"},{"@type":"ListItem","position":2,"name":"Viron verotus 2025-2026 vahvistetut veromuutokset: Mit\u00e4 odottaa ja miten varautua?"}]},{"@type":"WebSite","@id":"https:\/\/staging.trustimia.com\/#website","url":"https:\/\/staging.trustimia.com\/","name":"Trustimia","description":"Yritys viroon - Yrityken perustaminen Viroon","publisher":{"@id":"https:\/\/staging.trustimia.com\/#organization"},"potentialAction":[{"@type":"SearchAction","target":{"@type":"EntryPoint","urlTemplate":"https:\/\/staging.trustimia.com\/?s={search_term_string}"},"query-input":{"@type":"PropertyValueSpecification","valueRequired":true,"valueName":"search_term_string"}}],"inLanguage":"fi"},{"@type":"Organization","@id":"https:\/\/staging.trustimia.com\/#organization","name":"Trustimia Group","url":"https:\/\/staging.trustimia.com\/","logo":{"@type":"ImageObject","inLanguage":"fi","@id":"https:\/\/staging.trustimia.com\/#\/schema\/logo\/image\/","url":"https:\/\/staging.trustimia.com\/wp-content\/uploads\/2021\/11\/Trustimia-logo.svg","contentUrl":"https:\/\/staging.trustimia.com\/wp-content\/uploads\/2021\/11\/Trustimia-logo.svg","width":400,"height":91,"caption":"Trustimia Group"},"image":{"@id":"https:\/\/staging.trustimia.com\/#\/schema\/logo\/image\/"},"sameAs":["https:\/\/www.facebook.com\/trustimia","https:\/\/www.linkedin.com\/company\/trustimia\/"]},{"@type":"Person","@id":"https:\/\/staging.trustimia.com\/#\/schema\/person\/7ad25a457bfd6e7540aac8e8a22e1537","name":"Trustimia","image":{"@type":"ImageObject","inLanguage":"fi","@id":"https:\/\/staging.trustimia.com\/#\/schema\/person\/image\/","url":"https:\/\/secure.gravatar.com\/avatar\/3bafabe7e7d838e769133197403661bd889ad33aac2b8b99e6281d5071c4dd9e?s=96&d=mm&r=g","contentUrl":"https:\/\/secure.gravatar.com\/avatar\/3bafabe7e7d838e769133197403661bd889ad33aac2b8b99e6281d5071c4dd9e?s=96&d=mm&r=g","caption":"Trustimia"},"sameAs":["https:\/\/staging.trustimia.com\/"],"url":"https:\/\/staging.trustimia.com\/fi\/author\/kristian\/"}]}},"_links":{"self":[{"href":"https:\/\/staging.trustimia.com\/fi\/wp-json\/wp\/v2\/posts\/10375","targetHints":{"allow":["GET"]}}],"collection":[{"href":"https:\/\/staging.trustimia.com\/fi\/wp-json\/wp\/v2\/posts"}],"about":[{"href":"https:\/\/staging.trustimia.com\/fi\/wp-json\/wp\/v2\/types\/post"}],"author":[{"embeddable":true,"href":"https:\/\/staging.trustimia.com\/fi\/wp-json\/wp\/v2\/users\/5"}],"replies":[{"embeddable":true,"href":"https:\/\/staging.trustimia.com\/fi\/wp-json\/wp\/v2\/comments?post=10375"}],"version-history":[{"count":1,"href":"https:\/\/staging.trustimia.com\/fi\/wp-json\/wp\/v2\/posts\/10375\/revisions"}],"predecessor-version":[{"id":10376,"href":"https:\/\/staging.trustimia.com\/fi\/wp-json\/wp\/v2\/posts\/10375\/revisions\/10376"}],"wp:featuredmedia":[{"embeddable":true,"href":"https:\/\/staging.trustimia.com\/fi\/wp-json\/wp\/v2\/media\/10377"}],"wp:attachment":[{"href":"https:\/\/staging.trustimia.com\/fi\/wp-json\/wp\/v2\/media?parent=10375"}],"wp:term":[{"taxonomy":"category","embeddable":true,"href":"https:\/\/staging.trustimia.com\/fi\/wp-json\/wp\/v2\/categories?post=10375"},{"taxonomy":"post_tag","embeddable":true,"href":"https:\/\/staging.trustimia.com\/fi\/wp-json\/wp\/v2\/tags?post=10375"}],"curies":[{"name":"wp","href":"https:\/\/api.w.org\/{rel}","templated":true}]}}